[{"@context":"https:\/\/schema.org\/","@type":"Article","@id":"https:\/\/www.venefica.cz\/vonne-tycinky\/#Article","mainEntityOfPage":"https:\/\/www.venefica.cz\/vonne-tycinky\/","headline":"Vonn\u00e9 ty\u010dinky","name":"Vonn\u00e9 ty\u010dinky","description":"Na dovolen\u00e9 ka\u017ed\u00fd rok dum\u00e1te a p\u0159em\u00fd\u0161l\u00edte, co p\u0159iv\u00e9zt babi\u010dce, d\u011bde\u010dkovi a ostatn\u00edm od mo\u0159e. U\u017e maj\u00ed doma spoustu olej\u016f, v\u00edna, lik\u00e9r\u016f, sv\u00ed\u010dek, obr\u00e1zk\u016f s fotografiemi, visac\u00ed rybi\u010dky, obrazy a kdov\u00edco je\u0161t\u011b. Ale co takhle p\u0159iv\u00e9zt jednou t\u0159eba vonn\u00e9 ty\u010dinky s v\u016fn\u011bmi typick\u00fdmi pro v\u00e1mi nav\u0161t\u00edvenou zemi? Zap\u00e1l\u00edte je a","datePublished":"2025-04-21","dateModified":"2025-04-21","author":{"@type":"Person","@id":"https:\/\/www.venefica.cz\/author\/#Person","name":"","url":"https:\/\/www.venefica.cz\/author\/","identifier":1,"image":{"@type":"ImageObject","@id":"https:\/\/secure.gravatar.com\/avatar\/7b822bed19dfbc78d1cf42b3649cc2489d12c54b7aef64ae719c01ed9f13d563?s=96&d=mm&r=g","url":"https:\/\/secure.gravatar.com\/avatar\/7b822bed19dfbc78d1cf42b3649cc2489d12c54b7aef64ae719c01ed9f13d563?s=96&d=mm&r=g","height":96,"width":96}},"publisher":{"@type":"Organization","name":"venefica.cz","logo":{"@type":"ImageObject","@id":"\/logo.png","url":"\/logo.png","width":600,"height":60}},"url":"https:\/\/www.venefica.cz\/vonne-tycinky\/","wordCount":162,"articleBody":"Na dovolen\u00e9 ka\u017ed\u00fd rok dum\u00e1te a p\u0159em\u00fd\u0161l\u00edte, co p\u0159iv\u00e9zt babi\u010dce, d\u011bde\u010dkovi a ostatn\u00edm od mo\u0159e. U\u017e maj\u00ed doma spoustu olej\u016f, v\u00edna, lik\u00e9r\u016f, sv\u00ed\u010dek, obr\u00e1zk\u016f s fotografiemi, visac\u00ed rybi\u010dky, obrazy a kdov\u00edco je\u0161t\u011b. Ale co takhle p\u0159iv\u00e9zt jednou t\u0159eba vonn\u00e9 ty\u010dinky s v\u016fn\u011bmi typick\u00fdmi pro v\u00e1mi nav\u0161t\u00edvenou zemi?Zap\u00e1l\u00edte je a po chv\u00edli provon\u00ed m\u00edstnost typickou aromatickou v\u016fn\u00ed, kter\u00e1 se line cel\u00fdm interi\u00e9rem. P\u0159ipom\u00edn\u00e1 to dalek\u00e9 zem\u011b, Orient, \u010dajovnu, bazary, les &#8211; t\u00edm jsou typick\u00e9 vonn\u00e9 ty\u010dinky.Vonn\u00e9 sv\u00edce, dom\u00e1c\u00ed parf\u00e9myVonn\u00e9 ty\u010dinky, vonn\u00e9 sv\u00edce a dom\u00e1c\u00ed parf\u00e9myfunguj\u00ed na podobn\u00e9 b\u00e1zi, provon\u00ed cel\u00fd byt, koupelnu, toaletu, lo\u017enici, halu. Dodaj\u00ed va\u0161emu bydlen\u00ed jin\u00fd rozm\u011br, kter\u00fd osvobozuje smysly a navozuje relaxaci, pohodu, dobrou n\u00e1ladu.                                                                                                                                                                                                                                                                                                                                                                                                "},{"@context":"https:\/\/schema.org\/","@type":"BreadcrumbList","itemListElement":[{"@type":"ListItem","position":1,"name":"Vonn\u00e9 ty\u010dinky","item":"https:\/\/www.venefica.cz\/vonne-tycinky\/#breadcrumbitem"}]}]