[{"@context":"https:\/\/schema.org\/","@type":"Article","@id":"https:\/\/www.venefica.cz\/pred-koupi-sedacky-si-dobre-rozmyslete-co-od-ni-ocekavate\/#Article","mainEntityOfPage":"https:\/\/www.venefica.cz\/pred-koupi-sedacky-si-dobre-rozmyslete-co-od-ni-ocekavate\/","headline":"P\u0159ed koup\u00ed seda\u010dky si dob\u0159e rozmyslete, co od n\u00ed o\u010dek\u00e1v\u00e1te","name":"P\u0159ed koup\u00ed seda\u010dky si dob\u0159e rozmyslete, co od n\u00ed o\u010dek\u00e1v\u00e1te","description":"Jestli\u017ee pr\u00e1v\u011b v\u00e1h\u00e1te nad t\u00edm, jakou sedac\u00ed soupravu byste si m\u011bli ide\u00e1ln\u011b vybrat tak, abyste s n\u00ed byli co nejv\u00edce spokojen\u00ed, tak prvn\u00ed v\u011bc, nad kterou byste se m\u011bli zamyslet je to, jak\u00e9 jsou va\u0161e pot\u0159eby, co od nov\u00e9 sedac\u00ed soupravy o\u010dek\u00e1v\u00e1te a jak\u00fd m\u00e1te doma typ interi\u00e9ru. To v\u0161echno","datePublished":"2017-12-23","dateModified":"2023-05-06","author":{"@type":"Person","@id":"https:\/\/www.venefica.cz\/author\/#Person","name":"","url":"https:\/\/www.venefica.cz\/author\/","identifier":1,"image":{"@type":"ImageObject","@id":"https:\/\/secure.gravatar.com\/avatar\/7b822bed19dfbc78d1cf42b3649cc2489d12c54b7aef64ae719c01ed9f13d563?s=96&d=mm&r=g","url":"https:\/\/secure.gravatar.com\/avatar\/7b822bed19dfbc78d1cf42b3649cc2489d12c54b7aef64ae719c01ed9f13d563?s=96&d=mm&r=g","height":96,"width":96}},"publisher":{"@type":"Organization","name":"venefica.cz","logo":{"@type":"ImageObject","@id":"\/logo.png","url":"\/logo.png","width":600,"height":60}},"image":{"@type":"ImageObject","@id":"https:\/\/www.venefica.cz\/wp-content\/uploads\/img_a307230_w2445_t1518600324.jpg","url":"https:\/\/www.venefica.cz\/wp-content\/uploads\/img_a307230_w2445_t1518600324.jpg","height":0,"width":0},"url":"https:\/\/www.venefica.cz\/pred-koupi-sedacky-si-dobre-rozmyslete-co-od-ni-ocekavate\/","about":["D\u016fm a byt"],"wordCount":434,"articleBody":"      Jestli\u017ee pr\u00e1v\u011b v\u00e1h\u00e1te nad t\u00edm, jakou  sedac\u00ed  soupravu byste si m\u011bli ide\u00e1ln\u011b vybrat tak, abyste s n\u00ed byli co nejv\u00edce spokojen\u00ed, tak prvn\u00ed v\u011bc, nad kterou byste se m\u011bli zamyslet je to, jak\u00e9 jsou va\u0161e pot\u0159eby, co od nov\u00e9 sedac\u00ed soupravy o\u010dek\u00e1v\u00e1te a jak\u00fd m\u00e1te doma typ interi\u00e9ru. To v\u0161echno jsou kl\u00ed\u010dov\u00e9 faktory, na kter\u00fdch z\u00e1le\u017e\u00ed to, zda se svou novou sedac\u00ed soupravou budete v budoucnosti spokojeni. Za\u010dn\u011bte t\u0159eba t\u00edm, \u017ee se zamysl\u00edte nad interi\u00e9rem va\u0161eho domu, respektive ob\u00fdvac\u00edho pokoje. Je modern\u00ed anebo sp\u00ed\u0161e babi\u010dkovsk\u00fd? Je zahlcen\u00fd r\u016fzn\u00fdmi v\u011bcmi anebo sp\u00ed\u0161e minimalistick\u00fd? V jak\u00e9 barv\u011b je lad\u011bn\u00fd? Pot\u00e9 se zamyslete nad t\u00edm, k \u010demu byste cht\u011bli, aby v\u00e1m nov\u00e1 sedac\u00ed souprava slou\u017eila. Bude sp\u00ed\u0161e reprezentativn\u00edm prvkem, na kter\u00fd budete zv\u00e1t r\u016fzn\u00e9 hosty? Anebo na n\u00ed budete usedat sp\u00ed\u0161e jen vy sami anebo va\u0161e nejbli\u017e\u0161\u00ed rodina? Budete na n\u00ed cht\u00edt tak\u00e9 sp\u00e1t? M\u00e1te n\u011bjak\u00e9ho dom\u00e1c\u00edho mazl\u00ed\u010dka, kter\u00fd na n\u00ed bude odpo\u010d\u00edvat? A mo\u017en\u00e1 m\u00e1te na mysli i dal\u0161\u00ed p\u0159\u00e1n\u00ed, kter\u00e1 by va\u0161e nov\u00e1 seda\u010dka m\u011bla spl\u0148ovat. T\u0159eba to, \u017ee byste do n\u00ed r\u00e1di ukl\u00e1dali aktu\u00e1ln\u011b nepot\u0159ebn\u00e9 v\u011bci jako jsou r\u016fzn\u00e9 deky, knihy, zimn\u00ed oble\u010den\u00ed a tak podobn\u011b. A pokud p\u0159i v\u00fdb\u011bru seda\u010dky zv\u00e1\u017e\u00edte v\u0161echna tato krit\u00e9ria, pak si jist\u011b vyberete spr\u00e1vn\u011b. T\u0159eba pokud m\u00e1te doma modern\u00ed interi\u00e9r, kter\u00fd je velice reprezentativn\u00ed a na sv\u00e9 nov\u00e9 sedac\u00ed souprav\u011b byste r\u00e1di p\u0159ij\u00edmali hosty v\u010detn\u011b t\u011bch v\u00fdznamn\u00fdch, pak si jednozna\u010dn\u011b zvolte ko\u017een\u00e9 sedac\u00ed soupravy, kter\u00e9 se prod\u00e1vaj\u00ed v r\u016fzn\u00fdch barv\u00e1ch, a tak je snadno slad\u00edte se sv\u00fdm interi\u00e9rem. Jsou luxusn\u00ed a z\u00e1rove\u0148 maxim\u00e1ln\u011b pohodln\u00e9, a to je\u0161t\u011b nemluv\u00edme o tom, \u017ee k\u016f\u017ee je materi\u00e1lem, kter\u00fd v\u00e1m dlouho vydr\u017e\u00ed bez opot\u0159eben\u00ed. Ov\u0161em pokud hled\u00e1te sp\u00ed\u0161e levnou sedac\u00ed soupravu, kter\u00e1 bude p\u0159edev\u0161\u00edm rozkl\u00e1dac\u00ed, abyste na n\u00ed mohli v noci sp\u00e1t a p\u0159es den pr\u016fb\u011b\u017en\u011b pob\u00fdvat, tak se v\u00e1m jist\u011b osv\u011bd\u010d\u00ed n\u011bkter\u00fd z praktick\u00fdch rozkl\u00e1dac\u00edch model\u016f s \u00falo\u017en\u00fdm prostorem za velmi v\u00fdhodnou cenu.                                                                                                                                                                                                                                                                                                                                                                                          4.7\/5 - (8 votes)        "},{"@context":"https:\/\/schema.org\/","@type":"BreadcrumbList","itemListElement":[{"@type":"ListItem","position":1,"name":"P\u0159ed koup\u00ed seda\u010dky si dob\u0159e rozmyslete, co od n\u00ed o\u010dek\u00e1v\u00e1te","item":"https:\/\/www.venefica.cz\/pred-koupi-sedacky-si-dobre-rozmyslete-co-od-ni-ocekavate\/#breadcrumbitem"}]}]