[{"@context":"https:\/\/schema.org\/","@type":"Article","@id":"https:\/\/www.venefica.cz\/nejen-jako-darek\/#Article","mainEntityOfPage":"https:\/\/www.venefica.cz\/nejen-jako-darek\/","headline":"Nejen jako d\u00e1rek","name":"Nejen jako d\u00e1rek","description":"U\u017e dlouhou dobu se poohl\u00ed\u017e\u00edte po n\u011bjak\u00e9 slu\u0161iv\u00e9 d\u00e1msk\u00e9 mikin\u011b, ale st\u00e1le nem\u016f\u017eete na \u017e\u00e1dnou narazit? Cht\u011bla byste objevit n\u011bjak\u00fd nov\u00fd styl, ale zat\u00edm se V\u00e1m p\u0159\u00edli\u0161 neda\u0159\u00ed? Kam byste se m\u011bla pov\u00eddat, abyste objevila to prav\u00e9 o\u0159echov\u00e9 a nekoupila nic, co by se skute\u010dn\u011b zal\u00edbilo? V na\u0161em katalogu se","datePublished":"2025-04-15","dateModified":"2025-04-15","author":{"@type":"Person","@id":"https:\/\/www.venefica.cz\/author\/#Person","name":"","url":"https:\/\/www.venefica.cz\/author\/","identifier":1,"image":{"@type":"ImageObject","@id":"https:\/\/secure.gravatar.com\/avatar\/7b822bed19dfbc78d1cf42b3649cc2489d12c54b7aef64ae719c01ed9f13d563?s=96&d=mm&r=g","url":"https:\/\/secure.gravatar.com\/avatar\/7b822bed19dfbc78d1cf42b3649cc2489d12c54b7aef64ae719c01ed9f13d563?s=96&d=mm&r=g","height":96,"width":96}},"publisher":{"@type":"Organization","name":"venefica.cz","logo":{"@type":"ImageObject","@id":"\/logo.png","url":"\/logo.png","width":600,"height":60}},"url":"https:\/\/www.venefica.cz\/nejen-jako-darek\/","wordCount":178,"articleBody":"U\u017e dlouhou dobu se poohl\u00ed\u017e\u00edte po n\u011bjak\u00e9 slu\u0161iv\u00e9 d\u00e1msk\u00e9 mikin\u011b, ale st\u00e1le nem\u016f\u017eete na \u017e\u00e1dnou narazit? Cht\u011bla byste objevit n\u011bjak\u00fd nov\u00fd styl, ale zat\u00edm se V\u00e1m p\u0159\u00edli\u0161 neda\u0159\u00ed? Kam byste se m\u011bla pov\u00eddat, abyste objevila to prav\u00e9 o\u0159echov\u00e9 a nekoupila nic, co by se skute\u010dn\u011b zal\u00edbilo? V na\u0161em katalogu se rozhodn\u011b neztrat\u00edte a naleznete p\u0159esn\u011b to, co pot\u0159ebujete!Pro \u017eeny i d\u011bv\u010dataNez\u00e1le\u017e\u00ed na tom, zdali budete pot\u0159ebovat oble\u010den\u00ed pro sebe \u010di pro dceru, proto\u017ee n\u00e1\u0161 sortiment obsahuje modely jak pro d\u011bti, tak i pro dosp\u011bl\u00e9. Sta\u010d\u00ed si dob\u0159e prohl\u00e9dnout to, co se v na\u0161em sortimentu nach\u00e1z\u00ed a pak si jen vybrat to prav\u00e9, co by V\u00e1m padlo do oka! Bude to zelen\u00e1, \u010derven\u00e1 \u010di \u010dern\u00e1 mikina, kter\u00e1 V\u00e1s oslov\u00ed? Sta\u010d\u00ed se pod\u00edvat a pak se t\u011b\u0161it z toho, \u017ee budete m\u00edt dal\u0161\u00ed p\u0159\u00edsp\u011bvek do sv\u00e9ho \u0161atn\u00edku.                                                                                                                                                                                                                                                                                                                                                                                                "},{"@context":"https:\/\/schema.org\/","@type":"BreadcrumbList","itemListElement":[{"@type":"ListItem","position":1,"name":"Nejen jako d\u00e1rek","item":"https:\/\/www.venefica.cz\/nejen-jako-darek\/#breadcrumbitem"}]}]