[{"@context":"https:\/\/schema.org\/","@type":"Article","@id":"https:\/\/www.venefica.cz\/naplanujme-si-jaro\/#Article","mainEntityOfPage":"https:\/\/www.venefica.cz\/naplanujme-si-jaro\/","headline":"Napl\u00e1nujme si jaro","name":"Napl\u00e1nujme si jaro","description":"&#13; Kdy\u017e zakl\u00e1d\u00e1me zahradu, napl\u00e1nujeme si, jak bude vypadat. Kde vysad\u00edme stromy, a\u0165 u\u017e ovocn\u00e9 nebo okrasn\u00e9, r\u016fzn\u00e9 ke\u0159e a kv\u011btiny. Sv\u00e9 pl\u00e1ny p\u0159izp\u016fsob\u00edme dispozici cel\u00e9 zahrady, velikosti rostlin, kter\u00e9 bychom na zahrad\u011b cht\u011bli m\u00edt a jejich n\u00e1rok\u016f na slune\u010dn\u00ed sv\u011btlo, st\u00edn nebo polost\u00edn. Je\u0161t\u011b lep\u0161\u00edho v\u00fdsledku dos\u00e1hneme, kdy\u017e slad\u00edme","datePublished":"2023-05-06","dateModified":"2023-05-06","author":{"@type":"Person","@id":"https:\/\/www.venefica.cz\/author\/#Person","name":"","url":"https:\/\/www.venefica.cz\/author\/","identifier":1,"image":{"@type":"ImageObject","@id":"https:\/\/secure.gravatar.com\/avatar\/7b822bed19dfbc78d1cf42b3649cc2489d12c54b7aef64ae719c01ed9f13d563?s=96&d=mm&r=g","url":"https:\/\/secure.gravatar.com\/avatar\/7b822bed19dfbc78d1cf42b3649cc2489d12c54b7aef64ae719c01ed9f13d563?s=96&d=mm&r=g","height":96,"width":96}},"publisher":{"@type":"Organization","name":"venefica.cz","logo":{"@type":"ImageObject","@id":"\/logo.png","url":"\/logo.png","width":600,"height":60}},"image":{"@type":"ImageObject","@id":"https:\/\/www.venefica.cz\/wp-content\/uploads\/img_a299549_w2156_t1509470832.jpg","url":"https:\/\/www.venefica.cz\/wp-content\/uploads\/img_a299549_w2156_t1509470832.jpg","height":0,"width":0},"url":"https:\/\/www.venefica.cz\/naplanujme-si-jaro\/","wordCount":423,"articleBody":"&#13; Kdy\u017e zakl\u00e1d\u00e1me zahradu, napl\u00e1nujeme si, jak bude vypadat. Kde vysad\u00edme stromy, a\u0165 u\u017e ovocn\u00e9 nebo okrasn\u00e9, r\u016fzn\u00e9 ke\u0159e a kv\u011btiny. Sv\u00e9 pl\u00e1ny p\u0159izp\u016fsob\u00edme dispozici cel\u00e9 zahrady, velikosti rostlin, kter\u00e9 bychom na zahrad\u011b cht\u011bli m\u00edt a jejich n\u00e1rok\u016f na slune\u010dn\u00ed sv\u011btlo, st\u00edn nebo polost\u00edn. Je\u0161t\u011b lep\u0161\u00edho v\u00fdsledku dos\u00e1hneme, kdy\u017e slad\u00edme zahradu i s na\u0161\u00edm domem architektonicky.Trvalky zasad\u00edme jednou a d\u011blaj\u00ed n\u00e1m radost mnoho let. Nemaj\u00ed velk\u00e9 n\u00e1roky na na\u0161i p\u00e9\u010di. Jsou po\u0159\u00e1d na stejn\u00e9m m\u00edst\u011b. Do jin\u00e9 kategorie pat\u0159\u00ed cibuloviny. T\u0159eba sn\u011b\u017eenky, krokusy, tulip\u00e1ny, narcisy, hyacinty nebo kosatce jsou u n\u00e1s nejzn\u00e1m\u011bj\u0161\u00ed a nejran\u011bj\u0161\u00ed druhy. Svou kr\u00e1su a barevnost n\u00e1m ukazuj\u00ed jen na ja\u0159e a cel\u00fd zbytek roku o nich ani nev\u00edme.&#13; Zvol\u00edme vhodn\u00e9 m\u00edsto, kde je budeme moci nechat n\u011bkolik let a z\u00e1rove\u0148 kde se budeme t\u011b\u0161it kr\u00e1sou jejich kv\u011bt\u016f co nejdel\u0161\u00ed dobu a budeme je m\u00edt st\u00e1le na o\u010d\u00edch. Aby n\u00e1m mohly na ja\u0159e d\u011blat radost, mus\u00edme je dob\u0159e a v\u010das zasadit. Na z\u00e1hony, pod vy\u0161\u0161\u00ed stromy i do tr\u00e1vn\u00edku, ale mus\u00edme db\u00e1t, aby to bylo sv\u011btl\u00e9 m\u00edsto s dostatkem slunce i st\u00ednu. Pot\u0159ebuj\u00ed propustnou p\u016fdu, dostatek vlhkosti i \u017eivin.&#13; P\u0159ed samotn\u00fdm v\u00fdsevem d\u00e1me na dno ka\u017ed\u00e9 jamky trochu \u0161t\u011brku, aby n\u00e1m cibulky nezahn\u00edvaly.&#13; V zim\u011b m\u00edsta rad\u011bji p\u0159ikryjeme chvoj\u00edm nebo list\u00edm, proto\u017ee v posledn\u00edch letech se na sn\u011bhovou pokr\u00fdvku nem\u016f\u017eeme spol\u00e9hat. Cibuloviny s\u00e1z\u00edme na podzim, od z\u00e1\u0159\u00ed a\u017e do listopadu. N\u011bkter\u00e9 odr\u016fdy narcis\u016f a tulip\u00e1n\u016f jsou ran\u011bj\u0161\u00ed, a proto bychom je m\u011bli s\u00e1zet je\u0161t\u011b p\u0159ed koncem z\u00e1\u0159\u00ed a ty pozdn\u011bj\u0161\u00ed s\u00e1z\u00edme a\u017e za\u010d\u00e1tkem listopadu. Hloubka v\u00fdsadby je od 1,5 a\u017e po \u010dty\u0159n\u00e1sobek velikosti cibulky podle druhu. Obecn\u011b plat\u00ed, \u017ee \u010d\u00edm v\u011bt\u0161\u00ed cibule je, t\u00edm hloub\u011bji ji zasad\u00edme.&#13; Nemus\u00edme se b\u00e1t zasadit cibulky do tr\u00e1vn\u00edku. L\u00e9pe tak vyniknou v jarn\u00ed zeleni a odkvetou d\u0159\u00edve, ne\u017e budeme muset tr\u00e1vn\u00edk kosit. M\u00e1 to je\u0161t\u011b jednu v\u00fdhodu, s prvn\u00ed tr\u00e1vou bude uklizeno.                                                                                                                                                                                                                                                                                                                                                                                        4.5\/5 - (11 votes)        "},{"@context":"https:\/\/schema.org\/","@type":"BreadcrumbList","itemListElement":[{"@type":"ListItem","position":1,"name":"Napl\u00e1nujme si jaro","item":"https:\/\/www.venefica.cz\/naplanujme-si-jaro\/#breadcrumbitem"}]}]